{"id":887,"__str__":"Indica\u00e7\u00e3o n\u00ba 33 de 2025","link_detail_backend":"/materia/887","metadata":{},"numero":33,"ano":2025,"numero_protocolo":null,"data_apresentacao":"2025-04-15","tipo_apresentacao":"","data_publicacao":null,"numero_origem_externa":"","ano_origem_externa":null,"data_origem_externa":null,"apelido":"","dias_prazo":null,"data_fim_prazo":null,"em_tramitacao":false,"polemica":false,"objeto":"","complementar":false,"ementa":"Sugere que viabilize a instala\u00e7\u00e3o de ar-condicionado em todas as salas de aula e demais espa\u00e7os destinados \u00e0 aprendizagem e trabalho nas escolas p\u00fablicas municipais.","indexacao":"","observacao":"","resultado":"","texto_original":null,"data_ultima_atualizacao":"2025-04-30T14:32:41.155727-03:00","ip":"168.232.175.226","ultima_edicao":"2025-04-30T14:31:41.898532-03:00","tipo":7,"regime_tramitacao":2,"tipo_origem_externa":null,"local_origem_externa":null,"user":4,"anexadas":[],"autores":[34]}