{"id":701,"__str__":"Indica\u00e7\u00e3o n\u00ba 17 de 2024","link_detail_backend":"/materia/701","metadata":{},"numero":17,"ano":2024,"numero_protocolo":null,"data_apresentacao":"2024-06-24","tipo_apresentacao":"","data_publicacao":null,"numero_origem_externa":"","ano_origem_externa":null,"data_origem_externa":null,"apelido":"","dias_prazo":null,"data_fim_prazo":null,"em_tramitacao":false,"polemica":false,"objeto":"","complementar":false,"ementa":"Envia esta indica\u00e7\u00e3o ao Chefe do Poder Executivo local; sugerindo-lhe medidas no sentido de expandir ou criar nova linha de transporte coletivo p\u00fablico (Tarifa Zero), para que o \u00f4nibus v\u00e1 at\u00e9 a localidade do \u201cBeira Rio\u201d, neste Munic\u00edpio.","indexacao":"","observacao":"","resultado":"","texto_original":"http://sapl.claudio.mg.leg.br/media/sapl/public/materialegislativa/2024/701/indicacao17-2024.pdf","data_ultima_atualizacao":"2024-07-01T10:38:56.216587-03:00","ip":"168.232.175.219","ultima_edicao":"2024-07-01T10:37:43.161689-03:00","tipo":7,"regime_tramitacao":2,"tipo_origem_externa":null,"local_origem_externa":null,"user":4,"anexadas":[],"autores":[8]}