{"id":436,"__str__":"Indica\u00e7\u00e3o n\u00ba 64 de 2023","link_detail_backend":"/materia/436","metadata":{},"numero":64,"ano":2023,"numero_protocolo":null,"data_apresentacao":"2023-08-11","tipo_apresentacao":"E","data_publicacao":null,"numero_origem_externa":"","ano_origem_externa":null,"data_origem_externa":null,"apelido":"","dias_prazo":null,"data_fim_prazo":null,"em_tramitacao":false,"polemica":false,"objeto":"","complementar":false,"ementa":"Os vereadores signat\u00e1rios, no uso da fun\u00e7\u00e3o administrativa auxiliar que lhes conferem os arts. 203 e 204 do Regimento Interno, requerem da Mesa Diretora da Casa, \u201cad referendum\u201d do plen\u00e1rio, enviar a presente indica\u00e7\u00e3o ao Chefe do Poder Executivo local, sugerindo-lhe que viabilize a implanta\u00e7\u00e3o de Regulariza\u00e7\u00e3o Fundi\u00e1ria Urbana (REURB), no bairro SOBRADO, nos moldes da Legisla\u00e7\u00e3o vigente, atendendo se poss\u00edvel 100% dos propriet\u00e1rios.","indexacao":"A Regulariza\u00e7\u00e3o Fundi\u00e1ria Urbana \u00e9 essencial para o desenvolvimento urbano do Munic\u00edpio de Cl\u00e1udio. Atrav\u00e9s dela, os moradores possuem uma garantia de seguran\u00e7a jur\u00eddica do im\u00f3vel, comprova\u00e7\u00e3o de endere\u00e7o oficial, bem como o acesso a servi\u00e7os p\u00fablicos do munic\u00edpio (energia el\u00e9trica, saneamento b\u00e1sico, distribui\u00e7\u00e3o de \u00e1gua). A exemplo de outras localidades do munic\u00edpio que j\u00e1 foram contemplados com o REURB, o bairro Sobrado tamb\u00e9m possui moradores que necessitam da regulariza\u00e7\u00e3o fundi\u00e1ria.\r\n Diante do exposto, os subscreventes pedem o apoio dos colegas edis para a aprova\u00e7\u00e3o desta indica\u00e7\u00e3o e antecipam agradecimentos ao Chefe do Executivo na certeza que far\u00e1 o poss\u00edvel para a efetiva\u00e7\u00e3o da sugest\u00e3o apresentada. \r\n\r\nCl\u00e1udio (MG), 11 de agosto de 2023.\r\n\r\n\r\n\r\nKEDO TOLENTINO\r\nVereador (PODEMOS)\r\n\r\n\r\n\r\nMAURILO DO SINDICATO\r\nVereador (PL)\r\n\r\n\r\n\r\nTIM MARITACA\r\nVereador (Uni\u00e3o Brasil)","observacao":"","resultado":"","texto_original":"http://sapl.claudio.mg.leg.br/media/sapl/public/materialegislativa/2023/436/indicacao_064_20230912_140323.pdf","data_ultima_atualizacao":"2023-09-12T14:49:15.117975-03:00","ip":"177.221.178.84","ultima_edicao":"2023-09-12T14:45:58.011499-03:00","tipo":7,"regime_tramitacao":2,"tipo_origem_externa":null,"local_origem_externa":null,"user":4,"anexadas":[],"autores":[17,11,8]}