{"id":326,"__str__":"Portaria n\u00ba 60 de 2023","link_detail_backend":"/materia/326","metadata":{},"numero":60,"ano":2023,"numero_protocolo":null,"data_apresentacao":"2023-06-07","tipo_apresentacao":"","data_publicacao":null,"numero_origem_externa":"","ano_origem_externa":null,"data_origem_externa":null,"apelido":"","dias_prazo":null,"data_fim_prazo":null,"em_tramitacao":false,"polemica":false,"objeto":"","complementar":false,"ementa":"Institui Comiss\u00e3o Especial para estudo e emiss\u00e3o de parecer \u00e0 Proposta de Emenda \u00e0 Lei Org\u00e2nica do Munic\u00edpio de Cl\u00e1udio/MG, n.\u00ba 2, de 30 de maio de 2023.","indexacao":"Institui Comiss\u00e3o Especial para estudo e emiss\u00e3o de parecer \u00e0 Proposta de Emenda \u00e0 Lei Org\u00e2nica do Munic\u00edpio de Cl\u00e1udio/MG, n.\u00ba 2, de 30 de maio de 2023. \r\n\r\n\tO Presidente da C\u00e2mara Municipal de Cl\u00e1udio, Estado de Minas Gerais, observando as disposi\u00e7\u00f5es dos arts.: 90, I, \u00a7\u00a7 1\u00ba e 5\u00ba; 91, I, \u201ca\u201d, todos do Regimento Interno deste Legislativo, RESOLVE:\r\n\r\nArt. 1\u00ba  Fica constitu\u00edda, no \u00e2mbito do Poder Legislativo de Cl\u00e1udio, Estado de Minas Gerais, Comiss\u00e3o Especial para estudo e emiss\u00e3o de parecer \u00e0 Proposta de Emenda \u00e0 Lei Org\u00e2nica do Munic\u00edpio de Cl\u00e1udio/MG, n.\u00ba 2, de 30 de maio de 2023, que \u201cAltera o art. 11 da Lei Org\u00e2nica do Munic\u00edpio de Cl\u00e1udio, Estado de Minas Gerais, nos termos que especifica\u201d, de autoria dos vereadores Fernando Tolentino, Kedo Tolentino, Maurilo do Sindicato e Tim Maritaca.\r\n\tArt. 2\u00ba  A Comiss\u00e3o de que trata o artigo anterior ser\u00e1 composta pelos seguintes membros: Marcos Paulo Dutra  \u2013 presidente, Sargento Mois\u00e9s \u2013 relator e Darley Lopes - revisor; sendo seus respectivos suplentes os vereadores: Julinho Ara\u00fajo, Reginaldo Enfermeiro e Simental.\r\nPar\u00e1grafo \u00fanico.  \u00c0 Comiss\u00e3o Especial institu\u00edda por esta Portaria aplicam-se, no que couber, as disposi\u00e7\u00f5es previstas no Regimento Interno da C\u00e2mara para \u00e0s comiss\u00f5es permanentes.\r\n\tArt. 3\u00ba  Esta Portaria entra em vigor na data de sua publica\u00e7\u00e3o.\r\n\r\nCl\u00e1udio (MG), 7 de junho de 2023.\r\n\r\nKEDO TOLENTINO \r\nPresidente","observacao":"","resultado":"","texto_original":"http://sapl.claudio.mg.leg.br/media/sapl/public/materialegislativa/2023/326/portaria_n_602023.pdf","data_ultima_atualizacao":"2023-06-14T08:38:28.147891-03:00","ip":"177.221.178.84","ultima_edicao":"2023-06-14T08:37:42.389994-03:00","tipo":11,"regime_tramitacao":2,"tipo_origem_externa":null,"local_origem_externa":null,"user":4,"anexadas":[],"autores":[]}