{"id":288,"__str__":"Indica\u00e7\u00e3o n\u00ba 39 de 2023","link_detail_backend":"/materia/288","metadata":{},"numero":39,"ano":2023,"numero_protocolo":null,"data_apresentacao":"2023-04-19","tipo_apresentacao":"E","data_publicacao":null,"numero_origem_externa":"","ano_origem_externa":null,"data_origem_externa":null,"apelido":"","dias_prazo":null,"data_fim_prazo":null,"em_tramitacao":false,"polemica":false,"objeto":"","complementar":false,"ementa":"O vereador signat\u00e1rio, no uso da fun\u00e7\u00e3o administrativa auxiliar que lhe conferem os arts. 203 e 204 do Regimento Interno, requer da Mesa Diretora da Casa, \u201cad referendum\u201d do plen\u00e1rio, enviar esta indica\u00e7\u00e3o ao Chefe do Poder Executivo local; sugerindo melhorias na sinaliza\u00e7\u00e3o, vertical e horizontal, no tr\u00e2nsito do inicio da Estrada da Bocaina (trecho asfaltado), em especial no ponto de encontro com a Rua das Ac\u00e1cias, no bairro S\u00e3o Bento, nesta cidade.","indexacao":"Referidas vias interligam bairros da cidade; logo o tr\u00e2nsito nas mesmas \u00e9 intenso e por isso precisa de melhorias (quebra-molas e/ou outros redutores de velocidade, instala\u00e7\u00e3o de placas, sinaliza\u00e7\u00e3o horizontal e vertical, etc.), visando ao melhor fluxo e seguran\u00e7a no tr\u00e2nsito.\r\n             Diante do exposto, o subscrevente pede o apoio dos colegas edis para a aprova\u00e7\u00e3o desta indica\u00e7\u00e3o e antecipa agradecimentos ao Chefe do Poder Executivo na certeza de que far\u00e1 o poss\u00edvel para a efetiva\u00e7\u00e3o do que ora lhe \u00e9 sugerido.\r\n\r\nCl\u00e1udio (MG), 19 de abril de 2023.\r\n\r\n\r\n\r\nSARGENTO MOIS\u00c9S\r\nVereador (CIDADANIA)","observacao":"","resultado":"","texto_original":"http://sapl.claudio.mg.leg.br/media/sapl/public/materialegislativa/2023/288/indicacao_39-2023.pdf","data_ultima_atualizacao":"2023-05-05T13:13:37.707178-03:00","ip":"177.221.178.84","ultima_edicao":"2023-05-05T13:12:39.947247-03:00","tipo":7,"regime_tramitacao":2,"tipo_origem_externa":null,"local_origem_externa":null,"user":4,"anexadas":[],"autores":[10]}