{"id":255,"__str__":"Projeto de Decreto Legislativo n\u00ba 2 de 2023","link_detail_backend":"/materia/255","metadata":{},"numero":2,"ano":2023,"numero_protocolo":null,"data_apresentacao":"2023-04-17","tipo_apresentacao":"E","data_publicacao":null,"numero_origem_externa":"","ano_origem_externa":null,"data_origem_externa":null,"apelido":"","dias_prazo":null,"data_fim_prazo":null,"em_tramitacao":false,"polemica":false,"objeto":"","complementar":false,"ementa":"Disp\u00f5e sobre a concess\u00e3o, pelo Poder Legislativo do munic\u00edpio de Cl\u00e1udio, Estado de Minas Gerais, de T\u00edtulos de \u201cHonra ao M\u00e9rito\u201d.","indexacao":"Os Vereadores abaixo nomeados e assinados, no uso das atribui\u00e7\u00f5es que lhe conferem o Regimento Interno da C\u00e2mara Municipal de Cl\u00e1udio e a Lei Org\u00e2nica Municipal, no exerc\u00edcio da compet\u00eancia legislativa pr\u00f3pria, com fulcro na Resolu\u00e7\u00e3o n\uf0b0 110, de 2011, e altera\u00e7\u00f5es posteriores, apresentam o seguinte Projeto de Decreto Legislativo:\r\n\r\nArt. 1\u00ba  Este Decreto Legislativo disp\u00f5e sobre a concess\u00e3o, pelo Poder Legislativo do munic\u00edpio de Cl\u00e1udio, Estado de Minas Gerais, de T\u00edtulos de \u201cHonra ao M\u00e9rito\u201d, na forma da Resolu\u00e7\u00e3o n.\u00ba 110, de 2011, da C\u00e2mara Municipal de Cl\u00e1udio.\r\n\r\nArt. 2\u00ba Fica concedido o T\u00edtulo de \u201cHonra ao M\u00e9rito\u201d, pelo destaque na vida p\u00fablica e/ou privada perante a sociedade local, aos seguintes cidad\u00e3os:\r\n\r\nI \u2013 Geraldo Francisco Cecote, indicado pelo vereador Reginaldo Santos de Oliveira, nome parlamentar \u201cSimental\u201d;\r\nII \u2013 Aldair da Silva Santos, indicado pelo vereador Marcos Paulo Tostes Dutra Quirino, nome parlamentar de \u201cMarcos Paulo Dutra\u201d;\r\nIII \u2013 Jos\u00e9 Nogueira de Sousa, indicado pelo vereador J\u00falio C\u00e9sar Ara\u00fajo Santos, nome parlamentar de \u201cJulinho Ara\u00fajo\u201d;\r\nIV \u2013 Quinto Guimar\u00e3es Tolentino Filho, indicado pelo vereador Fernando Quinto Oliveira Gon\u00e7alves Rocha Tolentino, nome parlamentar de \u201cFernando Tolentino\u201d;\r\nV \u2013 Joaquim Martins de Souza Neto, indicado pelo vereador Evandro da Silva Oliveira, nome parlamentar de \u201cEvandro da Ambul\u00e2ncia\u201d;\r\nVI \u2013 Tiago Moura Fonseca, indicado pelo vereador Agostinho Nonato Gomes Martins, nome parlamentar de \u201cTim Maritaca\u201d;\r\nVII \u2013 Dircineia Gon\u00e7alves Tomaz, indicada pelo vereador Maurilo Marcelino Tomaz, nome parlamentar de \u201cMaurilo do Sindicato\u201d; \r\nVIII \u2013 Jo\u00e3o Domingos Ros\u00e1rio de Melo, indicado pelo vereador Daniel Mois\u00e9s Costa, nome parlamentar de \u201cSargento Mois\u00e9s\u201d; e\r\nIX \u2013 Salom\u00e3o David Filho, indicado pelo vereador Darley Oliveira Lopes, nome parlamentar de \u201cDarley Lopes\u201d.\r\n\r\nArt. 3\u00ba Fica concedido o T\u00edtulo \u201cHonra ao M\u00e9rito\u201d ao \u201cConselho Central de Cl\u00e1udio da Sociedade de S\u00e3o Vicente de Paulo\u201d, CNPJ 19.605.120/0001-40, tendo em vista suas a\u00e7\u00f5es relevantes na defesa dos direitos sociais da popula\u00e7\u00e3o do munic\u00edpio, indicada pelo vereador Reginaldo Teixeira Santos, nome parlamentar de \u201cReginaldo Enfermeiro\u201d.\r\n\r\n\tArt. 4\u00ba  O Poder Legislativo, pela Secretaria de sua C\u00e2mara Municipal, dever\u00e1 observar integralmente as disposi\u00e7\u00f5es contidas na Resolu\u00e7\u00e3o n\u00ba 110, de 2011, noticiando os interessados tempestivamente em rela\u00e7\u00e3o \u00e0 realiza\u00e7\u00e3o da Sess\u00e3o Solene, designada para o dia 17 de maio de 2023.\r\n\r\nArt. 5\u00ba  Este Decreto Legislativo entra em vigor na data de sua publica\u00e7\u00e3o.\r\n\r\nCl\u00e1udio (MG), 17 de abril de 2023.\r\n\r\n\r\n\r\n\r\n \r\nVer. TIM MARITACA\r\nUNI\u00c3O BRASIL\r\n\r\n \r\nVer. JULINHO\r\nPSC\r\n\r\n\r\nVer. MARCOS PAULO DUTRA\r\nPSB\r\n\r\n\r\nVer. SARGENTO MOISES\r\nCIDADANIA\r\n\r\n\r\nVer. REGINALDO ENFERMEIRO\r\nPSB\r\n\r\n\r\nVer. EVANDRO DA AMBUL\u00c2NCIA\r\nPL\r\n\r\nVer. MAURILO DO SINDICATO\r\nPL\r\n\r\n\r\nVer. FERNANDO TOLENTINO\r\nPSDB\r\n\r\nVer. DARLEY LOPES\r\nCIDADANIA \r\n\r\n\r\nVer. SIMENTAL \r\nPSDB \r\n \r\nJ U S T I F I C A T I V A\r\n\r\nVisando prestar homenagens a serem conferidas pelo Poder Legislativo no ano de 2023, apresentamos o presente Projeto de Decreto Legislativo, onde foram indicados diversos cidad\u00e3os do munic\u00edpio (e uma entidade sem fins lucrativos) a receberem o T\u00edtulo de Honra ao M\u00e9rito por seu destaque na vida p\u00fablica da sociedade local.\r\nO objeto do Projeto, portanto, \u00e9 a concess\u00e3o do T\u00edtulo de Honra ao M\u00e9rito, nos termos do Art. 20, XVII da Lei Org\u00e2nica e da Resolu\u00e7\u00e3o n.\u00ba 110/2011.\r\nO t\u00edtulo de \u201cHonra ao M\u00e9rito\u201d consiste em um t\u00edtulo de virtude dado a pessoas ou organiza\u00e7\u00f5es que atingiram o reconhecimento p\u00fablico das suas atividades. Este reconhecimento surge, muitas vezes, de uma postura \u00e9tica no desenvolvimento do trabalho rotineiro para com a sociedade e para com a popula\u00e7\u00e3o local. Por outro lado, as indica\u00e7\u00f5es est\u00e3o devidamente motivadas por meio da apresenta\u00e7\u00e3o de biografias, conforme documenta\u00e7\u00e3o anexa.\r\nDeste modo, rogamos pela aprova\u00e7\u00e3o irrestrita do presente Projeto de Decreto Legislativo.\r\n\r\nCl\u00e1udio (MG), 17 de abril de 2023.\r\n\r\n\r\nVEREADOR TIM MARITACA\r\nUni\u00e3o Brasil\r\n\r\n\r\n \r\nVEREADOR JULINHO\r\nPSC\r\n\r\n\r\n\r\nVEREADOR MARCOS PAULO DUTRA\r\nPSB\r\n\r\n\r\n\r\nVEREADOR SARGENTO MOISES\r\nCIDADANIA\r\nVER. TIM MARITACA\r\nUni\u00e3o Brasil\r\n\r\n\r\n\r\nVEREADOR REGINALDO ENFERMEIRO\r\nPSB\r\n\r\n\r\n\r\nVERADOR EVANDRO DA AMBUL\u00c2NCIA\r\nPL\r\nVEREADOR MAURILO DO SINDICATO\r\nPL\r\n\r\n\r\nVEREADOR FERNANDO TOLENTINO\r\nPSDB\r\n\r\n\r\n\r\nVEREADOR DARLEY LOPES\r\nCIDADANIA \r\n\r\n\r\n\r\nVEREADOR SIMENTAL\r\nPSDB","observacao":"","resultado":"","texto_original":"http://sapl.claudio.mg.leg.br/media/sapl/public/materialegislativa/2023/255/proj_de_dec_legislativo_no_2_2023_-_honra_ao_merito.pdf","data_ultima_atualizacao":"2023-04-17T15:34:37.040581-03:00","ip":"177.221.178.84","ultima_edicao":"2023-04-17T15:25:24.665218-03:00","tipo":5,"regime_tramitacao":2,"tipo_origem_externa":null,"local_origem_externa":null,"user":4,"anexadas":[],"autores":[9,12,13,14,15,11,7,10,16,8]}