{"id":175,"__str__":"Indica\u00e7\u00e3o n\u00ba 4 de 2023","link_detail_backend":"/materia/175","metadata":{},"numero":4,"ano":2023,"numero_protocolo":null,"data_apresentacao":"2023-01-05","tipo_apresentacao":"E","data_publicacao":null,"numero_origem_externa":"","ano_origem_externa":null,"data_origem_externa":null,"apelido":"","dias_prazo":null,"data_fim_prazo":null,"em_tramitacao":false,"polemica":false,"objeto":"","complementar":false,"ementa":"Os vereadores signat\u00e1rios, no uso da fun\u00e7\u00e3o administrativa auxiliar que lhe conferem os artigos 203 e 204 do Regimento Interno, requerem se digne essa Mesa Diretora, \u201cad referendum\u201d do plen\u00e1rio; encaminhar a presente indica\u00e7\u00e3o ao Chefe do Poder Executivo local, sugerindo-lhe que realize melhorias e/ou reforma nos banheiros, telhado e cozinha do sal\u00e3o comunit\u00e1rio do povoado de Palmital, neste Munic\u00edpio.","indexacao":"JUSTIFICATIVA\r\n\t\r\nReferido espa\u00e7o \u00e9 utilizado com frequ\u00eancia para eventos em geral de interesse da coletividade, sendo sua reforma necess\u00e1ria para proporcionar uma melhor infraestrutura, promovendo melhor acomoda\u00e7\u00e3o de todos que o frequentam e tamb\u00e9m para fins de conserva\u00e7\u00e3o do mesmo.\r\nDiante do exposto, os subscreventes pedem o apoio dos colegas edis para a aprova\u00e7\u00e3o desta indica\u00e7\u00e3o e antecipa agradecimentos ao Chefe do Executivo na certeza de que far\u00e1 o poss\u00edvel para a efetiva\u00e7\u00e3o do que ora lhe \u00e9 sugerido.\r\n\r\nCl\u00e1udio (MG), 05 de janeiro de 2023.\r\n\r\n\r\n\r\n\r\nKEDO\r\nVereador (PODEMOS)\r\n\r\n\r\n\r\nSIMENTAL\r\nVereador (PSDB)","observacao":"","resultado":"","texto_original":"http://sapl.claudio.mg.leg.br/media/sapl/public/materialegislativa/2023/175/ind04.pdf","data_ultima_atualizacao":"2023-02-14T16:21:50.367332-03:00","ip":"177.221.178.84","ultima_edicao":"2023-02-14T16:20:43.920345-03:00","tipo":7,"regime_tramitacao":2,"tipo_origem_externa":null,"local_origem_externa":null,"user":4,"anexadas":[],"autores":[17,16]}