{"id":97,"__str__":"Jur\u00eddico - Parecer Jur\u00eddico de 27/03/2023 por ","link_detail_backend":"/materia/documentoacessorio/97","metadata":{},"nome":"Parecer Jur\u00eddico","data":"2023-03-27","autor":"","ementa":"","indexacao":"","arquivo":"http://sapl.claudio.mg.leg.br/media/sapl/public/documentoacessorio/2023/97/parecer_juridico.pdf","data_ultima_atualizacao":"2023-07-04T10:33:11.180871-03:00","materia":208,"tipo":1}