{"id":85,"__str__":"Jur\u00eddico - Parecer Jur\u00eddico de 13/02/2023 por ","link_detail_backend":"/materia/documentoacessorio/85","metadata":{},"nome":"Parecer Jur\u00eddico","data":"2023-02-13","autor":"","ementa":"","indexacao":"","arquivo":"http://sapl.claudio.mg.leg.br/media/sapl/public/documentoacessorio/2023/85/parecerjuridico.pdf","data_ultima_atualizacao":"2023-07-04T08:49:39.062472-03:00","materia":169,"tipo":1}