{"id":70,"__str__":"Jur\u00eddico - Parecer Jur\u00eddico de 08/05/2023 por ","link_detail_backend":"/materia/documentoacessorio/70","metadata":{},"nome":"Parecer Jur\u00eddico","data":"2023-05-08","autor":"","ementa":"","indexacao":"","arquivo":"http://sapl.claudio.mg.leg.br/media/sapl/public/documentoacessorio/2023/70/parecer_juridico_-_pl_7_2023_e_emendas_1_e_2.pdf","data_ultima_atualizacao":"2023-05-10T13:06:18.648603-03:00","materia":230,"tipo":1}