{"id":544,"__str__":"Jur\u00eddico - PARECER (EMENDA) de 30/03/2026 por Juliana Aparecida Oliveira Clarks - Procuradora do Legislativo (OAB/MG 94.965)","link_detail_backend":"/materia/documentoacessorio/544","metadata":{},"nome":"PARECER (EMENDA)","data":"2026-03-30","autor":"Juliana Aparecida Oliveira Clarks - Procuradora do Legislativo (OAB/MG 94.965)","ementa":"Parecer sobre a Emenda Modificativa n\u00ba 1 ao Projeto de Lei n\u00ba 05/2026, que \u201cD\u00e1 a denomina\u00e7\u00e3o ao pr\u00f3prio p\u00fablico que especifica, e determina outras provid\u00eancias\u201d.","indexacao":"","arquivo":"http://sapl.claudio.mg.leg.br/media/sapl/public/documentoacessorio/2026/544/parecer.pdf","data_ultima_atualizacao":"2026-04-07T10:33:46.441999-03:00","materia":1206,"tipo":1}