{"id":510,"__str__":"Comiss\u00f5es Conjuntas - PARECER de 16/03/2026 por Geraldo L\u00e1zaro dos Santos - Kak\u00e1 Amorim - Maurilo do Sindicato - Kedo Tolentino - Frederico Amorim - Nivaldo - Evandro da Ambul\u00e2ncia - Ros\u00e2ngela Diretora - Darley Lopes","link_detail_backend":"/materia/documentoacessorio/510","metadata":{},"nome":"PARECER","data":"2026-03-16","autor":"Geraldo L\u00e1zaro dos Santos - Kak\u00e1 Amorim - Maurilo do Sindicato - Kedo Tolentino - Frederico Amorim - Nivaldo - Evandro da Ambul\u00e2ncia - Ros\u00e2ngela Diretora - Darley Lopes","ementa":"Deliberaram sobre o Projeto de Lei Complementar n.\u00ba 04, de 05 de mar\u00e7o de 2026, o qual \u201cAbre vagas e altera Anexos da Lei Complementar n\u00ba 41, de 04 de abril de 2012\"","indexacao":"","arquivo":"http://sapl.claudio.mg.leg.br/media/sapl/public/documentoacessorio/2026/510/parecer.pdf","data_ultima_atualizacao":"2026-03-17T08:26:29.895338-03:00","materia":1232,"tipo":2}