{"id":47,"__str__":"Comiss\u00f5es Conjuntas - Parecer das Comiss\u00f5es de 27/02/2023 por ","link_detail_backend":"/materia/documentoacessorio/47","metadata":{},"nome":"Parecer das Comiss\u00f5es","data":"2023-02-27","autor":"","ementa":"","indexacao":"","arquivo":"http://sapl.claudio.mg.leg.br/media/sapl/public/documentoacessorio/2023/47/parecer_conjunto_das_comissoes_-_projeto_de_lei_complementar_02-2023.pdf","data_ultima_atualizacao":"2023-03-01T11:39:43.537815-03:00","materia":198,"tipo":2}