{"id":420,"__str__":"Comiss\u00f5es Conjuntas - PARECER de 15/12/2025 por Fernando Tolentino - Geraldo L\u00e1zaro dos Santos - Kak\u00e1 Amorim - Maurilo do Sindicato - Kedo Tolentino - Frederico Amorim - Nivaldo - Evandro da Ambul\u00e2ncia - Darley Lopes","link_detail_backend":"/materia/documentoacessorio/420","metadata":{},"nome":"PARECER","data":"2025-12-15","autor":"Fernando Tolentino - Geraldo L\u00e1zaro dos Santos - Kak\u00e1 Amorim - Maurilo do Sindicato - Kedo Tolentino - Frederico Amorim - Nivaldo - Evandro da Ambul\u00e2ncia - Darley Lopes","ementa":"Deliberaram sobre o Projeto de Lei Complementar n.\u00ba 21, de 04 de dezembro de 2025, o qual \u201cAltera a Lei Complementar n\u00ba 40, de 04 de abril de 2012, para criar vagas para o cargo de Guarda Municipal, e d\u00e1 outras provid\u00eancias\u201d","indexacao":"","arquivo":"http://sapl.claudio.mg.leg.br/media/sapl/public/documentoacessorio/2025/420/parecer_comissoes.pdf","data_ultima_atualizacao":"2025-12-16T05:40:30.762587-03:00","materia":1154,"tipo":2}