{"id":416,"__str__":"Comiss\u00f5es Conjuntas - PARECER de 10/12/2025 por Kak\u00e1 Amorim - Maurilo do Sindicato - Kedo Tolentino - Frederico Amorim - Nivaldo - Evandro da Ambul\u00e2ncia - Ros\u00e2ngela Diretora","link_detail_backend":"/materia/documentoacessorio/416","metadata":{},"nome":"PARECER","data":"2025-12-10","autor":"Kak\u00e1 Amorim - Maurilo do Sindicato - Kedo Tolentino - Frederico Amorim - Nivaldo - Evandro da Ambul\u00e2ncia - Ros\u00e2ngela Diretora","ementa":"Deliberaram sobre o Projeto de Lei Complementar n.\u00ba 18, de 27 de novembro de 2025, o qual \u201cAbre vagas e altera Anexos da Lei Complementar n.\u00ba 41, de 04 de abril de 2012\".","indexacao":"","arquivo":"http://sapl.claudio.mg.leg.br/media/sapl/public/documentoacessorio/2025/416/parecer_comissoes.pdf","data_ultima_atualizacao":"2025-12-16T05:34:56.893375-03:00","materia":1152,"tipo":2}