{"id":39,"__str__":"Jur\u00eddico - Parecer Jur\u00eddico de 17/02/2023 por ","link_detail_backend":"/materia/documentoacessorio/39","metadata":{},"nome":"Parecer Jur\u00eddico","data":"2023-02-17","autor":"","ementa":"","indexacao":"","arquivo":"http://sapl.claudio.mg.leg.br/media/sapl/public/documentoacessorio/2023/39/parecer_juridico_pl_6_2023.pdf","data_ultima_atualizacao":"2023-02-23T14:34:08.235221-03:00","materia":189,"tipo":1}