{"id":378,"__str__":"Impacto Or\u00e7ament\u00e1rio - ESTIMATIVA DE IMPACTO OR\u00c7AMENT\u00c1RIO de 06/11/2025 por Simental (Vereador) - Kak\u00e1 Amorim (Vereador) - Frederico Amorim (Vereador) - Evandro da Ambul\u00e2ncia (Vereador)","link_detail_backend":"/materia/documentoacessorio/378","metadata":{},"nome":"ESTIMATIVA DE IMPACTO OR\u00c7AMENT\u00c1RIO","data":"2025-11-06","autor":"Simental (Vereador) - Kak\u00e1 Amorim (Vereador) - Frederico Amorim (Vereador) - Evandro da Ambul\u00e2ncia (Vereador)","ementa":"ESTIMATIVA DE IMPACTO OR\u00c7AMENT\u00c1RIO","indexacao":"","arquivo":"http://sapl.claudio.mg.leg.br/media/sapl/public/documentoacessorio/2025/378/impacto.pdf","data_ultima_atualizacao":"2025-11-20T08:53:13.744675-03:00","materia":1142,"tipo":23}