{"id":349,"__str__":"Comiss\u00f5es Conjuntas - PARECER (EMENDA) de 08/09/2025 por Fernando Tolentino (Ver.) - Geraldo L\u00e1zaro dos Santos (Ver.) - Kak\u00e1 Amorim (Ver.) - Maurilo do Sindicato (Ver.) - Nivaldo do Corumb\u00e1 (Ver.)","link_detail_backend":"/materia/documentoacessorio/349","metadata":{},"nome":"PARECER (EMENDA)","data":"2025-09-08","autor":"Fernando Tolentino (Ver.) - Geraldo L\u00e1zaro dos Santos (Ver.) - Kak\u00e1 Amorim (Ver.) - Maurilo do Sindicato (Ver.) - Nivaldo do Corumb\u00e1 (Ver.)","ementa":"Deliberaram sobre a Emenda Modificativa ao Substitutivo do Projeto de Lei n\u00ba 24/2025 \u2013 Aspectos de Constitucionalidade \u2013 Legalidade \u2013 Reda\u00e7\u00e3o \u2013 M\u00e9rito.","indexacao":"","arquivo":"http://sapl.claudio.mg.leg.br/media/sapl/public/documentoacessorio/2025/349/parecer_das_comissoes.pdf","data_ultima_atualizacao":"2025-10-14T10:48:15.159193-03:00","materia":999,"tipo":2}