{"id":344,"__str__":"Comiss\u00f5es Conjuntas - PARECER de 11/08/2025 por Fernando Tolentino - Geraldo L\u00e1zaro dos Santos - Kak\u00e1 Amorim - Maurilo do Sindicato - Frederico Amorim - Nivaldo do Corumb\u00e1 - Evandro da Ambul\u00e2ncia - Ros\u00e2ngela Diretora","link_detail_backend":"/materia/documentoacessorio/344","metadata":{},"nome":"PARECER","data":"2025-08-11","autor":"Fernando Tolentino - Geraldo L\u00e1zaro dos Santos - Kak\u00e1 Amorim - Maurilo do Sindicato - Frederico Amorim - Nivaldo do Corumb\u00e1 - Evandro da Ambul\u00e2ncia - Ros\u00e2ngela Diretora","ementa":"Deliberaram sobre o Projeto de Lei n.\u00ba 25, de 25 de julho de 2025, o qual \u201cDisp\u00f5e sobre a abertura de cr\u00e9dito adicional, tipo especial, no or\u00e7amento vigente, e determina outras provid\u00eancias.\u201d","indexacao":"","arquivo":"http://sapl.claudio.mg.leg.br/media/sapl/public/documentoacessorio/2025/344/pcomissoespl252025.pdf","data_ultima_atualizacao":"2025-10-14T10:12:33.080989-03:00","materia":1000,"tipo":2}