{"id":337,"__str__":"Comiss\u00f5es Conjuntas - PARECER de 13/10/2025 por Fernando Tolentino - Geraldo L\u00e1zaro dos Santos - Kak\u00e1 Amorim - Maurilo do Sindicato - Frederico Amorim - Nivaldo do Corumb\u00e1 - Evandro da Ambul\u00e2ncia - Ros\u00e2ngela Diretora - Kedo Tolentino","link_detail_backend":"/materia/documentoacessorio/337","metadata":{},"nome":"PARECER","data":"2025-10-13","autor":"Fernando Tolentino - Geraldo L\u00e1zaro dos Santos - Kak\u00e1 Amorim - Maurilo do Sindicato - Frederico Amorim - Nivaldo do Corumb\u00e1 - Evandro da Ambul\u00e2ncia - Ros\u00e2ngela Diretora - Kedo Tolentino","ementa":"Deliberaram sobre o Projeto de Lei Complementar n.\u00ba 14, de 18 de setembro de 2025, o qual \u201cAbre vagas e altera Anexos da Lei Complementar n.\u00ba 41, de 04 de abril de 2012\".","indexacao":"","arquivo":"http://sapl.claudio.mg.leg.br/media/sapl/public/documentoacessorio/2025/337/pcomissoesplc142025.pdf","data_ultima_atualizacao":"2025-10-13T17:51:36.929978-03:00","materia":1063,"tipo":2}