{"id":325,"__str__":"Comiss\u00f5es Conjuntas - PARECER de 08/09/2025 por Fernando Tolentino (Ver.)- Geraldo L\u00e1zaro dos Santos (Ver.) - Kak\u00e1 Amorim (Ver.) - Maurilo do Sindicato (Ver.) - Ros\u00e2ngela Diretora (Ver.) - Darley Lopes (Ver.)","link_detail_backend":"/materia/documentoacessorio/325","metadata":{},"nome":"PARECER","data":"2025-09-08","autor":"Fernando Tolentino (Ver.)- Geraldo L\u00e1zaro dos Santos (Ver.) - Kak\u00e1 Amorim (Ver.) - Maurilo do Sindicato (Ver.) - Ros\u00e2ngela Diretora (Ver.) - Darley Lopes (Ver.)","ementa":"Deliberaram sobre o Projeto de Lei n\u00ba 32, de 04 de setembro de 2025, que \u201cD\u00e1 a denomina\u00e7\u00e3o ao pr\u00f3prio p\u00fablico que especifica, e determina outras provid\u00eancias\u201d.","indexacao":"","arquivo":"http://sapl.claudio.mg.leg.br/media/sapl/public/documentoacessorio/2025/325/pcomissoespl322025.pdf","data_ultima_atualizacao":"2025-10-09T11:29:18.990454-03:00","materia":1042,"tipo":2}