{"id":320,"__str__":"Comiss\u00f5es Conjuntas - PARECER de 29/09/2025 por Fernando Tolentino (Relator CLJR e CE) - Geraldo L\u00e1zaro dos Santos (Revisor CLJR) - Kak\u00e1 Amorim (Presidente CLJR) - Murilo do Sindicato (Revisor CE) - Ro\u00e2ngela Diretora (Presidente CE)","link_detail_backend":"/materia/documentoacessorio/320","metadata":{},"nome":"PARECER","data":"2025-09-29","autor":"Fernando Tolentino (Relator CLJR e CE) - Geraldo L\u00e1zaro dos Santos (Revisor CLJR) - Kak\u00e1 Amorim (Presidente CLJR) - Murilo do Sindicato (Revisor CE) - Ro\u00e2ngela Diretora (Presidente CE)","ementa":"Deliberaram sobre o Projeto de Lei n.\u00ba 34 de 09 de setembro de 2025, o qual \u201cInstitui o Dia do Reinadeiro, no Munic\u00edpio de Cl\u00e1udio/MG, e d\u00e1 outras provid\u00eancias\u201d","indexacao":"","arquivo":"http://sapl.claudio.mg.leg.br/media/sapl/public/documentoacessorio/2025/320/pcomissoespl342025.pdf","data_ultima_atualizacao":"2025-10-09T10:44:56.292036-03:00","materia":1054,"tipo":2}