{"id":308,"__str__":"Substitutivo - SUBSTITUTIVO de 18/08/2025 por Kak\u00e1 Amorim (Vereador)","link_detail_backend":"/materia/documentoacessorio/308","metadata":{},"nome":"SUBSTITUTIVO","data":"2025-08-18","autor":"Kak\u00e1 Amorim (Vereador)","ementa":"SUBSTITUTIVO AO PROJETO DE LEI N\u00ba 24, DE 22 DE JULHO DE 2025.\r\n\r\nInstitui o Dia do Evang\u00e9lico e a Marcha para Jesus no Munic\u00edpio de Cl\u00e1udio e d\u00e1 outras provid\u00eancias.","indexacao":"","arquivo":"http://sapl.claudio.mg.leg.br/media/sapl/public/documentoacessorio/2025/308/substitutivo.pdf","data_ultima_atualizacao":"2025-10-14T10:49:51.859365-03:00","materia":999,"tipo":13}