{"id":295,"__str__":"Anexo - ANEXO \u00daNICO de 05/05/2025 por Jos\u00e9 Rodrigues Barroso de Ara\u00fajo (Prefeito Municipal)","link_detail_backend":"/materia/documentoacessorio/295","metadata":{},"nome":"ANEXO \u00daNICO","data":"2025-05-05","autor":"Jos\u00e9 Rodrigues Barroso de Ara\u00fajo (Prefeito Municipal)","ementa":"Anexo \u00danico","indexacao":"","arquivo":"http://sapl.claudio.mg.leg.br/media/sapl/public/documentoacessorio/2025/295/projetocomp0625an.pdf","data_ultima_atualizacao":"2025-05-21T13:05:54.099334-03:00","materia":916,"tipo":7}