{"id":226,"__str__":"Anexo - ANEXO \u00daNICO de 05/07/2024 por Kedo Tolentino (Presidente do Poder Legislativo)","link_detail_backend":"/materia/documentoacessorio/226","metadata":{},"nome":"ANEXO \u00daNICO","data":"2024-07-05","autor":"Kedo Tolentino (Presidente do Poder Legislativo)","ementa":"PAUTA DA 6\u00aa REUNI\u00c3O CONJUNTA EXTRAORDIN\u00c1RIA DAS COMISS\u00d5ES PERMANENTES E ESPECIAIS, DA 4\u00aa SESS\u00c3O LEGISLATIVA, DA 25\u00aa LEGISLATURA DA C\u00c2MARA MUNICIPAL DE CL\u00c1UDIO, ESTADO DE MINAS GERAIS. (08/07/2024 \u2013 11h)","indexacao":"","arquivo":"http://sapl.claudio.mg.leg.br/media/sapl/public/documentoacessorio/2024/226/portaria_no_33-2024_-_cancela_reunioes_do_poder_legislativo_-_ragendamento_anexo.pdf","data_ultima_atualizacao":"2024-08-14T08:35:01.929658-03:00","materia":710,"tipo":7}