{"id":217,"__str__":"Emenda Modificativa - Emenda N.\u00ba 1, Modificativa de 03/06/2024 por Reginaldo de Freitas Santos (Prefeito)","link_detail_backend":"/materia/documentoacessorio/217","metadata":{},"nome":"Emenda N.\u00ba 1, Modificativa","data":"2024-06-03","autor":"Reginaldo de Freitas Santos (Prefeito)","ementa":"Emenda ao Projeto de Lei n\u00ba. 12/2024, cujo objeto diz respeito \u00e0 delimita\u00e7\u00e3o das \u00c1reas Urbanas Consolidadas (AUC) e a defini\u00e7\u00e3o das \u00c1reas de Preserva\u00e7\u00e3o Permanente (APP) em \u00c1rea Urbana Consolidada (AUC) e definir \u00c1rea de Urbaniza\u00e7\u00e3o Espec\u00edfica, nos termos do que estabelece a Constitui\u00e7\u00e3o Federal, as Leis Federais 6.938, de 31.08.1981, 12.651, de 25.05.2012, e 14.285, de 29.12.2021, para modificar o par\u00e1grafo \u00fanico do Art. 43 da Proposi\u00e7\u00e3o","indexacao":"","arquivo":"http://sapl.claudio.mg.leg.br/media/sapl/public/documentoacessorio/2024/217/emendamodificativa01-122024.pdf","data_ultima_atualizacao":"2024-06-06T08:51:08.132458-03:00","materia":639,"tipo":8}