{"id":200,"__str__":"Anexo - Anexo I de 14/12/2023 por Kedo Tolentino (Presidente do Poder Legislativo) - Fernando Tolentino (Vice-presidente do Poder Legislativo) - Darley Lopes (Secret\u00e1rio do Poder Legislativo)","link_detail_backend":"/materia/documentoacessorio/200","metadata":{},"nome":"Anexo I","data":"2023-12-14","autor":"Kedo Tolentino (Presidente do Poder Legislativo) - Fernando Tolentino (Vice-presidente do Poder Legislativo) - Darley Lopes (Secret\u00e1rio do Poder Legislativo)","ementa":"CARGOS P\u00daBLICOS \u2013 PROVIMENTO EM COMISS\u00c3O DE LIVRE NOMEA\u00c7\u00c3O E EXONERA\u00c7\u00c3O \u2013 RECRUTAMENTO - VAGAS \u2013 JORNADA \u2013 ATRIBUI\u00c7\u00d5ES \u2013 REQUISITOS DE ACESSO \u2013 REMUNERA\u00c7\u00c3O.","indexacao":"","arquivo":"http://sapl.claudio.mg.leg.br/media/sapl/public/documentoacessorio/2023/200/anexo_i_plc_21_2023_anexo_x_-cargos_comissionados.pdf","data_ultima_atualizacao":"2023-12-18T19:34:32.377809-03:00","materia":531,"tipo":7}