{"id":165,"__str__":"Jur\u00eddico - Parecer Jur\u00eddico de 02/10/2023 por ","link_detail_backend":"/materia/documentoacessorio/165","metadata":{},"nome":"Parecer Jur\u00eddico","data":"2023-10-02","autor":"","ementa":"","indexacao":"","arquivo":"http://sapl.claudio.mg.leg.br/media/sapl/public/documentoacessorio/2023/165/p._juridico_-_plc_15_2023_-_criacao_de_cargos.pdf","data_ultima_atualizacao":"2023-10-23T15:35:23.516759-03:00","materia":400,"tipo":1}