{"id":146,"__str__":"Reda\u00e7\u00e3o Final - Reda\u00e7\u00e3o Final de 23/02/2023 por ","link_detail_backend":"/materia/documentoacessorio/146","metadata":{},"nome":"Reda\u00e7\u00e3o Final","data":"2023-02-23","autor":"","ementa":"","indexacao":"","arquivo":"http://sapl.claudio.mg.leg.br/media/sapl/public/documentoacessorio/2023/146/redacao_final_pr02.pdf","data_ultima_atualizacao":"2023-07-05T13:01:31.508696-03:00","materia":157,"tipo":4}