{"id":145,"__str__":"Comiss\u00f5es Conjuntas - Parecer das Comiss\u00f5es de 23/02/2023 por ","link_detail_backend":"/materia/documentoacessorio/145","metadata":{},"nome":"Parecer das Comiss\u00f5es","data":"2023-02-23","autor":"","ementa":"","indexacao":"","arquivo":"http://sapl.claudio.mg.leg.br/media/sapl/public/documentoacessorio/2023/145/parecer_conjunto_das_comissoes_-_projeto_de_resolucao_02-2023.pdf","data_ultima_atualizacao":"2023-07-05T12:59:47.358620-03:00","materia":157,"tipo":2}