{"id":140,"__str__":"Comiss\u00f5es Conjuntas - Parecer das Comiss\u00f5es de 06/02/2023 por ","link_detail_backend":"/materia/documentoacessorio/140","metadata":{},"nome":"Parecer das Comiss\u00f5es","data":"2023-02-06","autor":"","ementa":"","indexacao":"","arquivo":"http://sapl.claudio.mg.leg.br/media/sapl/public/documentoacessorio/2023/140/parecer_conjunto_das_comissoes_-_projeto_de_resolucao_03-2023.pdf","data_ultima_atualizacao":"2023-07-05T12:50:31.081745-03:00","materia":158,"tipo":2}