{"id":129,"__str__":"Jur\u00eddico - Parecer Jur\u00eddico de 17/04/2023 por ","link_detail_backend":"/materia/documentoacessorio/129","metadata":{},"nome":"Parecer Jur\u00eddico","data":"2023-04-17","autor":"","ementa":"","indexacao":"","arquivo":"http://sapl.claudio.mg.leg.br/media/sapl/public/documentoacessorio/2023/129/parecer_juridico_-_plc_9_2023_e_emenda_1.pdf","data_ultima_atualizacao":"2023-07-05T12:29:02.093683-03:00","materia":235,"tipo":1}