{"id":126,"__str__":"Reda\u00e7\u00e3o Final - Reda\u00e7\u00e3o Final de 02/05/2023 por ","link_detail_backend":"/materia/documentoacessorio/126","metadata":{},"nome":"Reda\u00e7\u00e3o Final","data":"2023-05-02","autor":"","ementa":"","indexacao":"","arquivo":"http://sapl.claudio.mg.leg.br/media/sapl/public/documentoacessorio/2023/126/redacao_final_pl07.pdf","data_ultima_atualizacao":"2023-07-05T12:22:22.142428-03:00","materia":233,"tipo":4}