{"id":120,"__str__":"Reda\u00e7\u00e3o Final - Reda\u00e7\u00e3o Final de 02/03/2023 por ","link_detail_backend":"/materia/documentoacessorio/120","metadata":{},"nome":"Reda\u00e7\u00e3o Final","data":"2023-03-02","autor":"","ementa":"","indexacao":"","arquivo":"http://sapl.claudio.mg.leg.br/media/sapl/public/documentoacessorio/2023/120/redacao_final_pl02.pdf","data_ultima_atualizacao":"2023-07-05T12:09:51.251552-03:00","materia":198,"tipo":4}