{"id":118,"__str__":"Reda\u00e7\u00e3o Final - Reda\u00e7\u00e3o Final de 01/02/2023 por ","link_detail_backend":"/materia/documentoacessorio/118","metadata":{},"nome":"Reda\u00e7\u00e3o Final","data":"2023-02-01","autor":"","ementa":"","indexacao":"","arquivo":"http://sapl.claudio.mg.leg.br/media/sapl/public/documentoacessorio/2023/118/redacao_final_pl01.pdf","data_ultima_atualizacao":"2023-07-05T12:05:45.422737-03:00","materia":171,"tipo":4}