{"id":117,"__str__":"Comiss\u00f5es Conjuntas - Parecer das Comiss\u00f5es de 17/02/2023 por ","link_detail_backend":"/materia/documentoacessorio/117","metadata":{},"nome":"Parecer das Comiss\u00f5es","data":"2023-02-17","autor":"","ementa":"","indexacao":"","arquivo":"http://sapl.claudio.mg.leg.br/media/sapl/public/documentoacessorio/2023/117/parecerdascomissoes.pdf","data_ultima_atualizacao":"2023-07-05T12:03:08.645019-03:00","materia":171,"tipo":2}