{"id":111,"__str__":"Reda\u00e7\u00e3o Final - Reda\u00e7\u00e3o Final de 02/05/2023 por ","link_detail_backend":"/materia/documentoacessorio/111","metadata":{},"nome":"Reda\u00e7\u00e3o Final","data":"2023-05-02","autor":"","ementa":"","indexacao":"","arquivo":"http://sapl.claudio.mg.leg.br/media/sapl/public/documentoacessorio/2023/111/redacao_final_pl10.pdf","data_ultima_atualizacao":"2023-07-05T08:57:47.947262-03:00","materia":247,"tipo":4}